{"id":2213,"date":"2018-02-21T19:25:28","date_gmt":"2018-02-21T18:25:28","guid":{"rendered":"http:\/\/metabief-equitation.fr\/?p=2213"},"modified":"2018-02-21T19:25:28","modified_gmt":"2018-02-21T18:25:28","slug":"fete-dhiver-jeudi-22-fevrier-jeudi-1er-mars-a-19h30","status":"publish","type":"post","link":"https:\/\/metabief-equitation.fr\/?p=2213","title":{"rendered":"F\u00eate d&rsquo;hiver  JEUDI 22 F\u00c9VRIER et JEUDI 1er MARS \u00e0 19H30"},"content":{"rendered":"<p>AVIS A LA POPULATION !<\/p>\n<p>Notre traditionnelle f\u00eate d&rsquo;hiver est de retour JEUDI 22 F\u00c9VRIER et JEUDI 1er MARS \u00e0 19H30, cette ann\u00e9e sur le th\u00e8me des com\u00e9dies musicales.<\/p>\n<p>Elle se d\u00e9roulera au man\u00e8ge (mais habillez vous chaudement quand m\u00eame !) et durera environ 1H, durant laquelle se succ\u00e9deront carrousels et d\u00e9monstrations d\u00e9guis\u00e9s et en musique.<\/p>\n<div class=\"text_exposed_show\">\n<p>Petits et grands, cavaliers ou non, nous vous attendons tous pour venir applaudir les chevaux et cavaliers du club .<\/p>\n<p>Entr\u00e9e libre. Vente de g\u00e2teaux et boissons chaudes (pour les cavaliers p\u00e2tissiers, vos g\u00e2teaux sont les bienvenus !)<\/p>\n<p>VENEZ NOMBREUX et faites passer l&rsquo;info !<\/p>\n<\/div>\n","protected":false},"excerpt":{"rendered":"<p>AVIS A LA POPULATION ! Notre traditionnelle f\u00eate d&rsquo;hiver est de retour JEUDI 22 F\u00c9VRIER et JEUDI 1er MARS \u00e0 19H30, cette ann\u00e9e sur le th\u00e8me des com\u00e9dies musicales. Elle se d\u00e9roulera au man\u00e8ge (mais habillez vous chaudement quand m\u00eame !) et durera environ 1H, durant laquelle se succ\u00e9deront carrousels et d\u00e9monstrations d\u00e9guis\u00e9s et en&#8230; <\/p>\n","protected":false},"author":1,"featured_media":2214,"comment_status":"open","ping_status":"closed","sticky":false,"template":"","format":"standard","meta":[],"categories":[41],"tags":[],"yoast_head":"<!-- This site is optimized with the Yoast SEO plugin v16.8 - https:\/\/yoast.com\/wordpress\/plugins\/seo\/ -->\n<title>F\u00eate d&#039;hiver JEUDI 22 F\u00c9VRIER et JEUDI 1er MARS \u00e0 19H30 - M\u00e9tabief Equitation<\/title>\n<meta name=\"robots\" content=\"index, follow, max-snippet:-1, max-image-preview:large, max-video-preview:-1\" \/>\n<link rel=\"canonical\" href=\"http:\/\/metabief-equitation.fr\/?p=2213\" \/>\n<meta property=\"og:locale\" content=\"fr_FR\" \/>\n<meta property=\"og:type\" content=\"article\" \/>\n<meta property=\"og:title\" content=\"F\u00eate d&#039;hiver JEUDI 22 F\u00c9VRIER et JEUDI 1er MARS \u00e0 19H30 - M\u00e9tabief Equitation\" \/>\n<meta property=\"og:description\" content=\"AVIS A LA POPULATION ! Notre traditionnelle f\u00eate d&rsquo;hiver est de retour JEUDI 22 F\u00c9VRIER et JEUDI 1er MARS \u00e0 19H30, cette ann\u00e9e sur le th\u00e8me des com\u00e9dies musicales. Elle se d\u00e9roulera au man\u00e8ge (mais habillez vous chaudement quand m\u00eame !) et durera environ 1H, durant laquelle se succ\u00e9deront carrousels et d\u00e9monstrations d\u00e9guis\u00e9s et en...\" \/>\n<meta property=\"og:url\" content=\"http:\/\/metabief-equitation.fr\/?p=2213\" \/>\n<meta property=\"og:site_name\" content=\"M\u00e9tabief Equitation\" \/>\n<meta property=\"article:published_time\" content=\"2018-02-21T18:25:28+00:00\" \/>\n<meta property=\"og:image\" content=\"http:\/\/metabief-equitation.fr\/wp-content\/uploads\/2018\/02\/28056560_834880876697230_2862404986654612832_n.jpg\" \/>\n\t<meta property=\"og:image:width\" content=\"960\" \/>\n\t<meta property=\"og:image:height\" content=\"639\" \/>\n<meta name=\"twitter:card\" content=\"summary\" \/>\n<meta name=\"twitter:label1\" content=\"\u00c9crit par\" \/>\n\t<meta name=\"twitter:data1\" content=\"admin\" \/>\n\t<meta name=\"twitter:label2\" content=\"Dur\u00e9e de lecture est.\" \/>\n\t<meta name=\"twitter:data2\" content=\"1 minute\" \/>\n<script type=\"application\/ld+json\" class=\"yoast-schema-graph\">{\"@context\":\"https:\/\/schema.org\",\"@graph\":[{\"@type\":\"WebSite\",\"@id\":\"http:\/\/metabief-equitation.fr\/#website\",\"url\":\"http:\/\/metabief-equitation.fr\/\",\"name\":\"M\\u00e9tabief Equitation\",\"description\":\"Man\\u00e8ge du Mont d&#039;Or\",\"potentialAction\":[{\"@type\":\"SearchAction\",\"target\":{\"@type\":\"EntryPoint\",\"urlTemplate\":\"http:\/\/metabief-equitation.fr\/?s={search_term_string}\"},\"query-input\":\"required name=search_term_string\"}],\"inLanguage\":\"fr-FR\"},{\"@type\":\"ImageObject\",\"@id\":\"http:\/\/metabief-equitation.fr\/?p=2213#primaryimage\",\"inLanguage\":\"fr-FR\",\"url\":\"https:\/\/metabief-equitation.fr\/wp-content\/uploads\/2018\/02\/28056560_834880876697230_2862404986654612832_n.jpg\",\"contentUrl\":\"https:\/\/metabief-equitation.fr\/wp-content\/uploads\/2018\/02\/28056560_834880876697230_2862404986654612832_n.jpg\",\"width\":960,\"height\":639},{\"@type\":\"WebPage\",\"@id\":\"http:\/\/metabief-equitation.fr\/?p=2213#webpage\",\"url\":\"http:\/\/metabief-equitation.fr\/?p=2213\",\"name\":\"F\\u00eate d'hiver JEUDI 22 F\\u00c9VRIER et JEUDI 1er MARS \\u00e0 19H30 - M\\u00e9tabief Equitation\",\"isPartOf\":{\"@id\":\"http:\/\/metabief-equitation.fr\/#website\"},\"primaryImageOfPage\":{\"@id\":\"http:\/\/metabief-equitation.fr\/?p=2213#primaryimage\"},\"datePublished\":\"2018-02-21T18:25:28+00:00\",\"dateModified\":\"2018-02-21T18:25:28+00:00\",\"author\":{\"@id\":\"http:\/\/metabief-equitation.fr\/#\/schema\/person\/a339bd06f69a1a201dabf060616796b7\"},\"breadcrumb\":{\"@id\":\"http:\/\/metabief-equitation.fr\/?p=2213#breadcrumb\"},\"inLanguage\":\"fr-FR\",\"potentialAction\":[{\"@type\":\"ReadAction\",\"target\":[\"http:\/\/metabief-equitation.fr\/?p=2213\"]}]},{\"@type\":\"BreadcrumbList\",\"@id\":\"http:\/\/metabief-equitation.fr\/?p=2213#breadcrumb\",\"itemListElement\":[{\"@type\":\"ListItem\",\"position\":1,\"name\":\"F\\u00eate d&rsquo;hiver JEUDI 22 F\\u00c9VRIER et JEUDI 1er MARS \\u00e0 19H30\"}]},{\"@type\":\"Person\",\"@id\":\"http:\/\/metabief-equitation.fr\/#\/schema\/person\/a339bd06f69a1a201dabf060616796b7\",\"name\":\"admin\",\"image\":{\"@type\":\"ImageObject\",\"@id\":\"http:\/\/metabief-equitation.fr\/#personlogo\",\"inLanguage\":\"fr-FR\",\"url\":\"https:\/\/secure.gravatar.com\/avatar\/296e62e4d04bdd32a0fd531803613c2f?s=96&d=mm&r=g\",\"contentUrl\":\"https:\/\/secure.gravatar.com\/avatar\/296e62e4d04bdd32a0fd531803613c2f?s=96&d=mm&r=g\",\"caption\":\"admin\"},\"url\":\"https:\/\/metabief-equitation.fr\/?author=1\"}]}<\/script>\n<!-- \/ Yoast SEO plugin. -->","yoast_head_json":{"title":"F\u00eate d'hiver JEUDI 22 F\u00c9VRIER et JEUDI 1er MARS \u00e0 19H30 - M\u00e9tabief Equitation","robots":{"index":"index","follow":"follow","max-snippet":"max-snippet:-1","max-image-preview":"max-image-preview:large","max-video-preview":"max-video-preview:-1"},"canonical":"http:\/\/metabief-equitation.fr\/?p=2213","og_locale":"fr_FR","og_type":"article","og_title":"F\u00eate d'hiver JEUDI 22 F\u00c9VRIER et JEUDI 1er MARS \u00e0 19H30 - M\u00e9tabief Equitation","og_description":"AVIS A LA POPULATION ! Notre traditionnelle f\u00eate d&rsquo;hiver est de retour JEUDI 22 F\u00c9VRIER et JEUDI 1er MARS \u00e0 19H30, cette ann\u00e9e sur le th\u00e8me des com\u00e9dies musicales. Elle se d\u00e9roulera au man\u00e8ge (mais habillez vous chaudement quand m\u00eame !) et durera environ 1H, durant laquelle se succ\u00e9deront carrousels et d\u00e9monstrations d\u00e9guis\u00e9s et en...","og_url":"http:\/\/metabief-equitation.fr\/?p=2213","og_site_name":"M\u00e9tabief Equitation","article_published_time":"2018-02-21T18:25:28+00:00","og_image":[{"width":960,"height":639,"url":"http:\/\/metabief-equitation.fr\/wp-content\/uploads\/2018\/02\/28056560_834880876697230_2862404986654612832_n.jpg","path":"D:\/wamp64\/www\/metabiefweb\/wp-content\/uploads\/2018\/02\/28056560_834880876697230_2862404986654612832_n.jpg","size":"full","id":2214,"alt":"","pixels":613440,"type":"image\/jpeg"}],"twitter_card":"summary","twitter_misc":{"\u00c9crit par":"admin","Dur\u00e9e de lecture est.":"1 minute"},"schema":{"@context":"https:\/\/schema.org","@graph":[{"@type":"WebSite","@id":"http:\/\/metabief-equitation.fr\/#website","url":"http:\/\/metabief-equitation.fr\/","name":"M\u00e9tabief Equitation","description":"Man\u00e8ge du Mont d&#039;Or","potentialAction":[{"@type":"SearchAction","target":{"@type":"EntryPoint","urlTemplate":"http:\/\/metabief-equitation.fr\/?s={search_term_string}"},"query-input":"required name=search_term_string"}],"inLanguage":"fr-FR"},{"@type":"ImageObject","@id":"http:\/\/metabief-equitation.fr\/?p=2213#primaryimage","inLanguage":"fr-FR","url":"https:\/\/metabief-equitation.fr\/wp-content\/uploads\/2018\/02\/28056560_834880876697230_2862404986654612832_n.jpg","contentUrl":"https:\/\/metabief-equitation.fr\/wp-content\/uploads\/2018\/02\/28056560_834880876697230_2862404986654612832_n.jpg","width":960,"height":639},{"@type":"WebPage","@id":"http:\/\/metabief-equitation.fr\/?p=2213#webpage","url":"http:\/\/metabief-equitation.fr\/?p=2213","name":"F\u00eate d'hiver JEUDI 22 F\u00c9VRIER et JEUDI 1er MARS \u00e0 19H30 - M\u00e9tabief Equitation","isPartOf":{"@id":"http:\/\/metabief-equitation.fr\/#website"},"primaryImageOfPage":{"@id":"http:\/\/metabief-equitation.fr\/?p=2213#primaryimage"},"datePublished":"2018-02-21T18:25:28+00:00","dateModified":"2018-02-21T18:25:28+00:00","author":{"@id":"http:\/\/metabief-equitation.fr\/#\/schema\/person\/a339bd06f69a1a201dabf060616796b7"},"breadcrumb":{"@id":"http:\/\/metabief-equitation.fr\/?p=2213#breadcrumb"},"inLanguage":"fr-FR","potentialAction":[{"@type":"ReadAction","target":["http:\/\/metabief-equitation.fr\/?p=2213"]}]},{"@type":"BreadcrumbList","@id":"http:\/\/metabief-equitation.fr\/?p=2213#breadcrumb","itemListElement":[{"@type":"ListItem","position":1,"name":"F\u00eate d&rsquo;hiver JEUDI 22 F\u00c9VRIER et JEUDI 1er MARS \u00e0 19H30"}]},{"@type":"Person","@id":"http:\/\/metabief-equitation.fr\/#\/schema\/person\/a339bd06f69a1a201dabf060616796b7","name":"admin","image":{"@type":"ImageObject","@id":"http:\/\/metabief-equitation.fr\/#personlogo","inLanguage":"fr-FR","url":"https:\/\/secure.gravatar.com\/avatar\/296e62e4d04bdd32a0fd531803613c2f?s=96&d=mm&r=g","contentUrl":"https:\/\/secure.gravatar.com\/avatar\/296e62e4d04bdd32a0fd531803613c2f?s=96&d=mm&r=g","caption":"admin"},"url":"https:\/\/metabief-equitation.fr\/?author=1"}]}},"_links":{"self":[{"href":"https:\/\/metabief-equitation.fr\/index.php?rest_route=\/wp\/v2\/posts\/2213"}],"collection":[{"href":"https:\/\/metabief-equitation.fr\/index.php?rest_route=\/wp\/v2\/posts"}],"about":[{"href":"https:\/\/metabief-equitation.fr\/index.php?rest_route=\/wp\/v2\/types\/post"}],"author":[{"embeddable":true,"href":"https:\/\/metabief-equitation.fr\/index.php?rest_route=\/wp\/v2\/users\/1"}],"replies":[{"embeddable":true,"href":"https:\/\/metabief-equitation.fr\/index.php?rest_route=%2Fwp%2Fv2%2Fcomments&post=2213"}],"version-history":[{"count":0,"href":"https:\/\/metabief-equitation.fr\/index.php?rest_route=\/wp\/v2\/posts\/2213\/revisions"}],"wp:featuredmedia":[{"embeddable":true,"href":"https:\/\/metabief-equitation.fr\/index.php?rest_route=\/wp\/v2\/media\/2214"}],"wp:attachment":[{"href":"https:\/\/metabief-equitation.fr\/index.php?rest_route=%2Fwp%2Fv2%2Fmedia&parent=2213"}],"wp:term":[{"taxonomy":"category","embeddable":true,"href":"https:\/\/metabief-equitation.fr\/index.php?rest_route=%2Fwp%2Fv2%2Fcategories&post=2213"},{"taxonomy":"post_tag","embeddable":true,"href":"https:\/\/metabief-equitation.fr\/index.php?rest_route=%2Fwp%2Fv2%2Ftags&post=2213"}],"curies":[{"name":"wp","href":"https:\/\/api.w.org\/{rel}","templated":true}]}}