{"id":2095,"date":"2017-06-13T18:12:51","date_gmt":"2017-06-13T16:12:51","guid":{"rendered":"http:\/\/metabief-equitation.fr\/?p=2095"},"modified":"2017-06-13T20:46:22","modified_gmt":"2017-06-13T18:46:22","slug":"programme-ete-2017","status":"publish","type":"post","link":"https:\/\/metabief-equitation.fr\/?p=2095","title":{"rendered":"PROGRAMME \u00c9T\u00c9 2017"},"content":{"rendered":"<p>Inscrivez-vous vite ! (sur place ou au 06 75 39 85 19)<\/p>\n<p>T\u00e9l\u00e9chargez les programmes de l\u2019\u00e9t\u00e9 en cliquant <a href=\"http:\/\/metabief-equitation.fr\/wp-content\/uploads\/2017\/06\/PROGRAMME-ETE-2017-sans-prix-pour-site.pdf\" target=\"_blank\" rel=\"noopener\">ici<\/a> (pdf)<\/p>\n<div class=\"sfsi_Sicons\">\u00a0<\/div>\n","protected":false},"excerpt":{"rendered":"<p>Inscrivez-vous vite ! (sur place ou au 06 75 39 85 19) T\u00e9l\u00e9chargez les programmes de l\u2019\u00e9t\u00e9 en cliquant ici (pdf) \u00a0<\/p>\n","protected":false},"author":1,"featured_media":2116,"comment_status":"open","ping_status":"closed","sticky":false,"template":"","format":"standard","meta":[],"categories":[1],"tags":[],"yoast_head":"<!-- This site is optimized with the Yoast SEO plugin v16.8 - https:\/\/yoast.com\/wordpress\/plugins\/seo\/ -->\n<title>PROGRAMME \u00c9T\u00c9 2017 - M\u00e9tabief Equitation<\/title>\n<meta name=\"robots\" content=\"index, follow, max-snippet:-1, max-image-preview:large, max-video-preview:-1\" \/>\n<link rel=\"canonical\" href=\"https:\/\/metabief-equitation.fr\/?p=2095\" \/>\n<meta property=\"og:locale\" content=\"fr_FR\" \/>\n<meta property=\"og:type\" content=\"article\" \/>\n<meta property=\"og:title\" content=\"PROGRAMME \u00c9T\u00c9 2017 - M\u00e9tabief Equitation\" \/>\n<meta property=\"og:description\" content=\"Inscrivez-vous vite ! (sur place ou au 06 75 39 85 19) T\u00e9l\u00e9chargez les programmes de l\u2019\u00e9t\u00e9 en cliquant ici (pdf) \u00a0\" \/>\n<meta property=\"og:url\" content=\"https:\/\/metabief-equitation.fr\/?p=2095\" \/>\n<meta property=\"og:site_name\" content=\"M\u00e9tabief Equitation\" \/>\n<meta property=\"article:published_time\" content=\"2017-06-13T16:12:51+00:00\" \/>\n<meta property=\"article:modified_time\" content=\"2017-06-13T18:46:22+00:00\" \/>\n<meta property=\"og:image\" content=\"https:\/\/metabief-equitation.fr\/wp-content\/uploads\/2017\/06\/prog-ete-2017.png\" \/>\n\t<meta property=\"og:image:width\" content=\"909\" \/>\n\t<meta property=\"og:image:height\" content=\"1239\" \/>\n<meta name=\"twitter:card\" content=\"summary\" \/>\n<meta name=\"twitter:label1\" content=\"\u00c9crit par\" \/>\n\t<meta name=\"twitter:data1\" content=\"admin\" \/>\n<script type=\"application\/ld+json\" class=\"yoast-schema-graph\">{\"@context\":\"https:\/\/schema.org\",\"@graph\":[{\"@type\":\"WebSite\",\"@id\":\"http:\/\/metabief-equitation.fr\/#website\",\"url\":\"http:\/\/metabief-equitation.fr\/\",\"name\":\"M\\u00e9tabief Equitation\",\"description\":\"Man\\u00e8ge du Mont d&#039;Or\",\"potentialAction\":[{\"@type\":\"SearchAction\",\"target\":{\"@type\":\"EntryPoint\",\"urlTemplate\":\"http:\/\/metabief-equitation.fr\/?s={search_term_string}\"},\"query-input\":\"required name=search_term_string\"}],\"inLanguage\":\"fr-FR\"},{\"@type\":\"ImageObject\",\"@id\":\"https:\/\/metabief-equitation.fr\/?p=2095#primaryimage\",\"inLanguage\":\"fr-FR\",\"url\":\"https:\/\/metabief-equitation.fr\/wp-content\/uploads\/2017\/06\/prog-ete-2017.png\",\"contentUrl\":\"https:\/\/metabief-equitation.fr\/wp-content\/uploads\/2017\/06\/prog-ete-2017.png\",\"width\":909,\"height\":1239},{\"@type\":\"WebPage\",\"@id\":\"https:\/\/metabief-equitation.fr\/?p=2095#webpage\",\"url\":\"https:\/\/metabief-equitation.fr\/?p=2095\",\"name\":\"PROGRAMME \\u00c9T\\u00c9 2017 - M\\u00e9tabief Equitation\",\"isPartOf\":{\"@id\":\"http:\/\/metabief-equitation.fr\/#website\"},\"primaryImageOfPage\":{\"@id\":\"https:\/\/metabief-equitation.fr\/?p=2095#primaryimage\"},\"datePublished\":\"2017-06-13T16:12:51+00:00\",\"dateModified\":\"2017-06-13T18:46:22+00:00\",\"author\":{\"@id\":\"http:\/\/metabief-equitation.fr\/#\/schema\/person\/a339bd06f69a1a201dabf060616796b7\"},\"breadcrumb\":{\"@id\":\"https:\/\/metabief-equitation.fr\/?p=2095#breadcrumb\"},\"inLanguage\":\"fr-FR\",\"potentialAction\":[{\"@type\":\"ReadAction\",\"target\":[\"https:\/\/metabief-equitation.fr\/?p=2095\"]}]},{\"@type\":\"BreadcrumbList\",\"@id\":\"https:\/\/metabief-equitation.fr\/?p=2095#breadcrumb\",\"itemListElement\":[{\"@type\":\"ListItem\",\"position\":1,\"name\":\"PROGRAMME \\u00c9T\\u00c9 2017\"}]},{\"@type\":\"Person\",\"@id\":\"http:\/\/metabief-equitation.fr\/#\/schema\/person\/a339bd06f69a1a201dabf060616796b7\",\"name\":\"admin\",\"image\":{\"@type\":\"ImageObject\",\"@id\":\"http:\/\/metabief-equitation.fr\/#personlogo\",\"inLanguage\":\"fr-FR\",\"url\":\"https:\/\/secure.gravatar.com\/avatar\/296e62e4d04bdd32a0fd531803613c2f?s=96&d=mm&r=g\",\"contentUrl\":\"https:\/\/secure.gravatar.com\/avatar\/296e62e4d04bdd32a0fd531803613c2f?s=96&d=mm&r=g\",\"caption\":\"admin\"},\"url\":\"https:\/\/metabief-equitation.fr\/?author=1\"}]}<\/script>\n<!-- \/ Yoast SEO plugin. -->","yoast_head_json":{"title":"PROGRAMME \u00c9T\u00c9 2017 - M\u00e9tabief Equitation","robots":{"index":"index","follow":"follow","max-snippet":"max-snippet:-1","max-image-preview":"max-image-preview:large","max-video-preview":"max-video-preview:-1"},"canonical":"https:\/\/metabief-equitation.fr\/?p=2095","og_locale":"fr_FR","og_type":"article","og_title":"PROGRAMME \u00c9T\u00c9 2017 - M\u00e9tabief Equitation","og_description":"Inscrivez-vous vite ! (sur place ou au 06 75 39 85 19) T\u00e9l\u00e9chargez les programmes de l\u2019\u00e9t\u00e9 en cliquant ici (pdf) \u00a0","og_url":"https:\/\/metabief-equitation.fr\/?p=2095","og_site_name":"M\u00e9tabief Equitation","article_published_time":"2017-06-13T16:12:51+00:00","article_modified_time":"2017-06-13T18:46:22+00:00","og_image":[{"width":909,"height":1239,"url":"https:\/\/metabief-equitation.fr\/wp-content\/uploads\/2017\/06\/prog-ete-2017.png","path":"\/home\/metabief\/www\/wp-content\/uploads\/2017\/06\/prog-ete-2017.png","size":"full","id":2116,"alt":"","pixels":1126251,"type":"image\/png"}],"twitter_card":"summary","twitter_misc":{"\u00c9crit par":"admin"},"schema":{"@context":"https:\/\/schema.org","@graph":[{"@type":"WebSite","@id":"http:\/\/metabief-equitation.fr\/#website","url":"http:\/\/metabief-equitation.fr\/","name":"M\u00e9tabief Equitation","description":"Man\u00e8ge du Mont d&#039;Or","potentialAction":[{"@type":"SearchAction","target":{"@type":"EntryPoint","urlTemplate":"http:\/\/metabief-equitation.fr\/?s={search_term_string}"},"query-input":"required name=search_term_string"}],"inLanguage":"fr-FR"},{"@type":"ImageObject","@id":"https:\/\/metabief-equitation.fr\/?p=2095#primaryimage","inLanguage":"fr-FR","url":"https:\/\/metabief-equitation.fr\/wp-content\/uploads\/2017\/06\/prog-ete-2017.png","contentUrl":"https:\/\/metabief-equitation.fr\/wp-content\/uploads\/2017\/06\/prog-ete-2017.png","width":909,"height":1239},{"@type":"WebPage","@id":"https:\/\/metabief-equitation.fr\/?p=2095#webpage","url":"https:\/\/metabief-equitation.fr\/?p=2095","name":"PROGRAMME \u00c9T\u00c9 2017 - M\u00e9tabief Equitation","isPartOf":{"@id":"http:\/\/metabief-equitation.fr\/#website"},"primaryImageOfPage":{"@id":"https:\/\/metabief-equitation.fr\/?p=2095#primaryimage"},"datePublished":"2017-06-13T16:12:51+00:00","dateModified":"2017-06-13T18:46:22+00:00","author":{"@id":"http:\/\/metabief-equitation.fr\/#\/schema\/person\/a339bd06f69a1a201dabf060616796b7"},"breadcrumb":{"@id":"https:\/\/metabief-equitation.fr\/?p=2095#breadcrumb"},"inLanguage":"fr-FR","potentialAction":[{"@type":"ReadAction","target":["https:\/\/metabief-equitation.fr\/?p=2095"]}]},{"@type":"BreadcrumbList","@id":"https:\/\/metabief-equitation.fr\/?p=2095#breadcrumb","itemListElement":[{"@type":"ListItem","position":1,"name":"PROGRAMME \u00c9T\u00c9 2017"}]},{"@type":"Person","@id":"http:\/\/metabief-equitation.fr\/#\/schema\/person\/a339bd06f69a1a201dabf060616796b7","name":"admin","image":{"@type":"ImageObject","@id":"http:\/\/metabief-equitation.fr\/#personlogo","inLanguage":"fr-FR","url":"https:\/\/secure.gravatar.com\/avatar\/296e62e4d04bdd32a0fd531803613c2f?s=96&d=mm&r=g","contentUrl":"https:\/\/secure.gravatar.com\/avatar\/296e62e4d04bdd32a0fd531803613c2f?s=96&d=mm&r=g","caption":"admin"},"url":"https:\/\/metabief-equitation.fr\/?author=1"}]}},"_links":{"self":[{"href":"https:\/\/metabief-equitation.fr\/index.php?rest_route=\/wp\/v2\/posts\/2095"}],"collection":[{"href":"https:\/\/metabief-equitation.fr\/index.php?rest_route=\/wp\/v2\/posts"}],"about":[{"href":"https:\/\/metabief-equitation.fr\/index.php?rest_route=\/wp\/v2\/types\/post"}],"author":[{"embeddable":true,"href":"https:\/\/metabief-equitation.fr\/index.php?rest_route=\/wp\/v2\/users\/1"}],"replies":[{"embeddable":true,"href":"https:\/\/metabief-equitation.fr\/index.php?rest_route=%2Fwp%2Fv2%2Fcomments&post=2095"}],"version-history":[{"count":0,"href":"https:\/\/metabief-equitation.fr\/index.php?rest_route=\/wp\/v2\/posts\/2095\/revisions"}],"wp:featuredmedia":[{"embeddable":true,"href":"https:\/\/metabief-equitation.fr\/index.php?rest_route=\/wp\/v2\/media\/2116"}],"wp:attachment":[{"href":"https:\/\/metabief-equitation.fr\/index.php?rest_route=%2Fwp%2Fv2%2Fmedia&parent=2095"}],"wp:term":[{"taxonomy":"category","embeddable":true,"href":"https:\/\/metabief-equitation.fr\/index.php?rest_route=%2Fwp%2Fv2%2Fcategories&post=2095"},{"taxonomy":"post_tag","embeddable":true,"href":"https:\/\/metabief-equitation.fr\/index.php?rest_route=%2Fwp%2Fv2%2Ftags&post=2095"}],"curies":[{"name":"wp","href":"https:\/\/api.w.org\/{rel}","templated":true}]}}