{"id":2179,"date":"2017-11-20T18:17:06","date_gmt":"2017-11-20T17:17:06","guid":{"rendered":"http:\/\/metabief-equitation.fr\/?p=2179"},"modified":"2017-11-20T18:18:02","modified_gmt":"2017-11-20T17:18:02","slug":"challenge-2017-2018-1ere-manche","status":"publish","type":"post","link":"http:\/\/metabief-equitation.fr\/?p=2179","title":{"rendered":"Challenge 2017 \/ 2018 : 1\u00e8re manche"},"content":{"rendered":"<p><span class=\"_4n-j _3cht fsl\" data-testid=\"event-permalink-details\">Pour les cavaliers des cours de 2H ( Galop 4 et +), le challenge d\u2019hiver d\u00e9butera DIMANCHE 3 D\u00c9CEMBRE.<\/p>\n<p> R\u00e9servez la date et inscrivez-vous vite ! N&rsquo;oubliez pas de r\u00e9server \u00e9galement votre repas si vous souhaitez manger au Saloon (\u00e9galement pour les spectateurs).<\/span><\/p>\n<p><!--more--><\/p>\n<p><span class=\"_4n-j _3cht fsl\" data-testid=\"event-permalink-details\"><br \/>\n Pr\u00e9cisions pour les groupes et les horaires \u00e0 venir.<\/p>\n<p> 2\u00e8me \u00e9tape : Dimanche 4 f\u00e9vrier <br \/>\n (3\u00e8me \u00e9tape en mars)<\/span><\/p>\n","protected":false},"excerpt":{"rendered":"<p>Pour les cavaliers des cours de 2H ( Galop 4 et +), le challenge d\u2019hiver d\u00e9butera DIMANCHE 3 D\u00c9CEMBRE. R\u00e9servez la date et inscrivez-vous vite ! N&rsquo;oubliez pas de r\u00e9server \u00e9galement votre repas si vous souhaitez manger au Saloon (\u00e9galement pour les spectateurs).<\/p>\n","protected":false},"author":1,"featured_media":2174,"comment_status":"open","ping_status":"closed","sticky":false,"template":"","format":"standard","meta":[],"categories":[17,7],"tags":[],"yoast_head":"<!-- This site is optimized with the Yoast SEO plugin v16.8 - https:\/\/yoast.com\/wordpress\/plugins\/seo\/ -->\n<title>Challenge 2017 \/ 2018 : 1\u00e8re manche - M\u00e9tabief Equitation<\/title>\n<meta name=\"robots\" content=\"index, follow, max-snippet:-1, max-image-preview:large, max-video-preview:-1\" \/>\n<link rel=\"canonical\" href=\"http:\/\/metabief-equitation.fr\/?p=2179\" \/>\n<meta property=\"og:locale\" content=\"fr_FR\" \/>\n<meta property=\"og:type\" content=\"article\" \/>\n<meta property=\"og:title\" content=\"Challenge 2017 \/ 2018 : 1\u00e8re manche - M\u00e9tabief Equitation\" \/>\n<meta property=\"og:description\" content=\"Pour les cavaliers des cours de 2H ( Galop 4 et +), le challenge d\u2019hiver d\u00e9butera DIMANCHE 3 D\u00c9CEMBRE. R\u00e9servez la date et inscrivez-vous vite ! N&rsquo;oubliez pas de r\u00e9server \u00e9galement votre repas si vous souhaitez manger au Saloon (\u00e9galement pour les spectateurs).\" \/>\n<meta property=\"og:url\" content=\"http:\/\/metabief-equitation.fr\/?p=2179\" \/>\n<meta property=\"og:site_name\" content=\"M\u00e9tabief Equitation\" \/>\n<meta property=\"article:published_time\" content=\"2017-11-20T17:17:06+00:00\" \/>\n<meta property=\"article:modified_time\" content=\"2017-11-20T17:18:02+00:00\" \/>\n<meta property=\"og:image\" content=\"http:\/\/metabief-equitation.fr\/wp-content\/uploads\/2017\/11\/chal-hiver-17.jpg\" \/>\n\t<meta property=\"og:image:width\" content=\"679\" \/>\n\t<meta property=\"og:image:height\" content=\"960\" \/>\n<meta name=\"twitter:card\" content=\"summary\" \/>\n<meta name=\"twitter:label1\" content=\"\u00c9crit par\" \/>\n\t<meta name=\"twitter:data1\" content=\"admin\" \/>\n<script type=\"application\/ld+json\" class=\"yoast-schema-graph\">{\"@context\":\"https:\/\/schema.org\",\"@graph\":[{\"@type\":\"WebSite\",\"@id\":\"https:\/\/metabief-equitation.fr\/#website\",\"url\":\"https:\/\/metabief-equitation.fr\/\",\"name\":\"M\\u00e9tabief Equitation\",\"description\":\"Man\\u00e8ge du Mont d&#039;Or\",\"potentialAction\":[{\"@type\":\"SearchAction\",\"target\":{\"@type\":\"EntryPoint\",\"urlTemplate\":\"https:\/\/metabief-equitation.fr\/?s={search_term_string}\"},\"query-input\":\"required name=search_term_string\"}],\"inLanguage\":\"fr-FR\"},{\"@type\":\"ImageObject\",\"@id\":\"http:\/\/metabief-equitation.fr\/?p=2179#primaryimage\",\"inLanguage\":\"fr-FR\",\"url\":\"http:\/\/metabief-equitation.fr\/wp-content\/uploads\/2017\/11\/chal-hiver-17.jpg\",\"contentUrl\":\"http:\/\/metabief-equitation.fr\/wp-content\/uploads\/2017\/11\/chal-hiver-17.jpg\",\"width\":679,\"height\":960},{\"@type\":\"WebPage\",\"@id\":\"http:\/\/metabief-equitation.fr\/?p=2179#webpage\",\"url\":\"http:\/\/metabief-equitation.fr\/?p=2179\",\"name\":\"Challenge 2017 \/ 2018 : 1\\u00e8re manche - M\\u00e9tabief Equitation\",\"isPartOf\":{\"@id\":\"https:\/\/metabief-equitation.fr\/#website\"},\"primaryImageOfPage\":{\"@id\":\"http:\/\/metabief-equitation.fr\/?p=2179#primaryimage\"},\"datePublished\":\"2017-11-20T17:17:06+00:00\",\"dateModified\":\"2017-11-20T17:18:02+00:00\",\"author\":{\"@id\":\"https:\/\/metabief-equitation.fr\/#\/schema\/person\/a339bd06f69a1a201dabf060616796b7\"},\"breadcrumb\":{\"@id\":\"http:\/\/metabief-equitation.fr\/?p=2179#breadcrumb\"},\"inLanguage\":\"fr-FR\",\"potentialAction\":[{\"@type\":\"ReadAction\",\"target\":[\"http:\/\/metabief-equitation.fr\/?p=2179\"]}]},{\"@type\":\"BreadcrumbList\",\"@id\":\"http:\/\/metabief-equitation.fr\/?p=2179#breadcrumb\",\"itemListElement\":[{\"@type\":\"ListItem\",\"position\":1,\"name\":\"Challenge 2017 \/ 2018 : 1\\u00e8re manche\"}]},{\"@type\":\"Person\",\"@id\":\"https:\/\/metabief-equitation.fr\/#\/schema\/person\/a339bd06f69a1a201dabf060616796b7\",\"name\":\"admin\",\"image\":{\"@type\":\"ImageObject\",\"@id\":\"https:\/\/metabief-equitation.fr\/#personlogo\",\"inLanguage\":\"fr-FR\",\"url\":\"http:\/\/2.gravatar.com\/avatar\/296e62e4d04bdd32a0fd531803613c2f?s=96&d=mm&r=g\",\"contentUrl\":\"http:\/\/2.gravatar.com\/avatar\/296e62e4d04bdd32a0fd531803613c2f?s=96&d=mm&r=g\",\"caption\":\"admin\"},\"url\":\"http:\/\/metabief-equitation.fr\/?author=1\"}]}<\/script>\n<!-- \/ Yoast SEO plugin. -->","yoast_head_json":{"title":"Challenge 2017 \/ 2018 : 1\u00e8re manche - M\u00e9tabief Equitation","robots":{"index":"index","follow":"follow","max-snippet":"max-snippet:-1","max-image-preview":"max-image-preview:large","max-video-preview":"max-video-preview:-1"},"canonical":"http:\/\/metabief-equitation.fr\/?p=2179","og_locale":"fr_FR","og_type":"article","og_title":"Challenge 2017 \/ 2018 : 1\u00e8re manche - M\u00e9tabief Equitation","og_description":"Pour les cavaliers des cours de 2H ( Galop 4 et +), le challenge d\u2019hiver d\u00e9butera DIMANCHE 3 D\u00c9CEMBRE. R\u00e9servez la date et inscrivez-vous vite ! N&rsquo;oubliez pas de r\u00e9server \u00e9galement votre repas si vous souhaitez manger au Saloon (\u00e9galement pour les spectateurs).","og_url":"http:\/\/metabief-equitation.fr\/?p=2179","og_site_name":"M\u00e9tabief Equitation","article_published_time":"2017-11-20T17:17:06+00:00","article_modified_time":"2017-11-20T17:18:02+00:00","og_image":[{"width":679,"height":960,"url":"http:\/\/metabief-equitation.fr\/wp-content\/uploads\/2017\/11\/chal-hiver-17.jpg","path":"D:\/wamp64\/www\/metabiefweb\/wp-content\/uploads\/2017\/11\/chal-hiver-17.jpg","size":"full","id":2174,"alt":"","pixels":651840,"type":"image\/jpeg"}],"twitter_card":"summary","twitter_misc":{"\u00c9crit par":"admin"},"schema":{"@context":"https:\/\/schema.org","@graph":[{"@type":"WebSite","@id":"https:\/\/metabief-equitation.fr\/#website","url":"https:\/\/metabief-equitation.fr\/","name":"M\u00e9tabief Equitation","description":"Man\u00e8ge du Mont d&#039;Or","potentialAction":[{"@type":"SearchAction","target":{"@type":"EntryPoint","urlTemplate":"https:\/\/metabief-equitation.fr\/?s={search_term_string}"},"query-input":"required name=search_term_string"}],"inLanguage":"fr-FR"},{"@type":"ImageObject","@id":"http:\/\/metabief-equitation.fr\/?p=2179#primaryimage","inLanguage":"fr-FR","url":"http:\/\/metabief-equitation.fr\/wp-content\/uploads\/2017\/11\/chal-hiver-17.jpg","contentUrl":"http:\/\/metabief-equitation.fr\/wp-content\/uploads\/2017\/11\/chal-hiver-17.jpg","width":679,"height":960},{"@type":"WebPage","@id":"http:\/\/metabief-equitation.fr\/?p=2179#webpage","url":"http:\/\/metabief-equitation.fr\/?p=2179","name":"Challenge 2017 \/ 2018 : 1\u00e8re manche - M\u00e9tabief Equitation","isPartOf":{"@id":"https:\/\/metabief-equitation.fr\/#website"},"primaryImageOfPage":{"@id":"http:\/\/metabief-equitation.fr\/?p=2179#primaryimage"},"datePublished":"2017-11-20T17:17:06+00:00","dateModified":"2017-11-20T17:18:02+00:00","author":{"@id":"https:\/\/metabief-equitation.fr\/#\/schema\/person\/a339bd06f69a1a201dabf060616796b7"},"breadcrumb":{"@id":"http:\/\/metabief-equitation.fr\/?p=2179#breadcrumb"},"inLanguage":"fr-FR","potentialAction":[{"@type":"ReadAction","target":["http:\/\/metabief-equitation.fr\/?p=2179"]}]},{"@type":"BreadcrumbList","@id":"http:\/\/metabief-equitation.fr\/?p=2179#breadcrumb","itemListElement":[{"@type":"ListItem","position":1,"name":"Challenge 2017 \/ 2018 : 1\u00e8re manche"}]},{"@type":"Person","@id":"https:\/\/metabief-equitation.fr\/#\/schema\/person\/a339bd06f69a1a201dabf060616796b7","name":"admin","image":{"@type":"ImageObject","@id":"https:\/\/metabief-equitation.fr\/#personlogo","inLanguage":"fr-FR","url":"http:\/\/2.gravatar.com\/avatar\/296e62e4d04bdd32a0fd531803613c2f?s=96&d=mm&r=g","contentUrl":"http:\/\/2.gravatar.com\/avatar\/296e62e4d04bdd32a0fd531803613c2f?s=96&d=mm&r=g","caption":"admin"},"url":"http:\/\/metabief-equitation.fr\/?author=1"}]}},"_links":{"self":[{"href":"http:\/\/metabief-equitation.fr\/index.php?rest_route=\/wp\/v2\/posts\/2179"}],"collection":[{"href":"http:\/\/metabief-equitation.fr\/index.php?rest_route=\/wp\/v2\/posts"}],"about":[{"href":"http:\/\/metabief-equitation.fr\/index.php?rest_route=\/wp\/v2\/types\/post"}],"author":[{"embeddable":true,"href":"http:\/\/metabief-equitation.fr\/index.php?rest_route=\/wp\/v2\/users\/1"}],"replies":[{"embeddable":true,"href":"http:\/\/metabief-equitation.fr\/index.php?rest_route=%2Fwp%2Fv2%2Fcomments&post=2179"}],"version-history":[{"count":0,"href":"http:\/\/metabief-equitation.fr\/index.php?rest_route=\/wp\/v2\/posts\/2179\/revisions"}],"wp:featuredmedia":[{"embeddable":true,"href":"http:\/\/metabief-equitation.fr\/index.php?rest_route=\/wp\/v2\/media\/2174"}],"wp:attachment":[{"href":"http:\/\/metabief-equitation.fr\/index.php?rest_route=%2Fwp%2Fv2%2Fmedia&parent=2179"}],"wp:term":[{"taxonomy":"category","embeddable":true,"href":"http:\/\/metabief-equitation.fr\/index.php?rest_route=%2Fwp%2Fv2%2Fcategories&post=2179"},{"taxonomy":"post_tag","embeddable":true,"href":"http:\/\/metabief-equitation.fr\/index.php?rest_route=%2Fwp%2Fv2%2Ftags&post=2179"}],"curies":[{"name":"wp","href":"https:\/\/api.w.org\/{rel}","templated":true}]}}