{"id":1801,"date":"2016-05-28T16:00:20","date_gmt":"2016-05-28T14:00:20","guid":{"rendered":"http:\/\/metabief-equitation.fr\/?p=1801"},"modified":"2016-05-28T16:07:17","modified_gmt":"2016-05-28T14:07:17","slug":"programme-ete-2016-provisoire","status":"publish","type":"post","link":"http:\/\/metabief-equitation.fr\/?p=1801","title":{"rendered":"Programme \u00e9t\u00e9 2016 (Provisoire)"},"content":{"rendered":"<h1 style=\"text-align: center;\"><span style=\"font-family: comic sans ms,sans-serif; font-size: 36px; color: #008000;\">CHEVAL-CLUB<\/span><\/h1>\n<p>&nbsp;<\/p>\n<p style=\"text-align: center;\"> <span style=\"font-size: 20px;\"><strong>12 juin :<\/strong><\/span> Rando \u00e0 la journ\u00e9e.<\/p>\n<p style=\"text-align: center;\">\u00a0<\/p>\n<p style=\"text-align: center;\"><span style=\"font-size: 20px;\"> <strong>26 juin : <\/strong><\/span>CSO 5\u00e8me \u00e0 Besan\u00e7on<\/p>\n<p style=\"text-align: center;\"><!--more-->\u00a0<\/p>\n<p style=\"text-align: center;\"><span style=\"font-size: 20px;\"> <strong>Pr\u00e9pa galops 2\/ 3\/ 4 :<\/strong><\/span><\/p>\n<p style=\"text-align: center;\">mercredi 6 juillet de 9 \u00e0 12 h<\/p>\n<p style=\"text-align: center;\">jeudi 7 juillet de 9 \u00e0 18 h<\/p>\n<p style=\"text-align: center;\">vendredi 8 juillet de 9 \u00e0 18 h<\/p>\n<p>&nbsp;<\/p>\n<p style=\"text-align: center;\"><span style=\"font-size: 20px;\"><strong>Pr\u00e9pa galops 5\/ 6\/ 7 :<\/strong><\/span> lundi 11, mardi 12, jeudi 14 et vendredi 15 juillet de 9 \u00e0 18h.<\/p>\n<p>&nbsp;<\/p>\n<p style=\"text-align: center;\"><span style=\"font-size: 20px;\"><strong>D\u00e9couverte et pr\u00e9pa G1\/G2 : <br \/><\/strong><\/span><\/p>\n<p style=\"text-align: center;\">lundi , mardi, mercredi et vendredi de 10 \u00e0 12 h.<\/p>\n<p style=\"text-align: center;\">Les 4 semaines, du 18 juillet au 13 ao\u00fbt.<\/p>\n<p>&nbsp;<\/p>\n<p style=\"text-align: center;\"><span style=\"font-size: 20px;\"><strong>Les jeudis matins, randos \u00e0 6h&#8230;<\/strong> <\/span>La premi\u00e8re sera organis\u00e9e le 14 juillet selon la demande (et le temps!)<\/p>\n<p>&nbsp;<\/p>\n<p style=\"text-align: center;\"><span style=\"font-size: 20px;\"><strong>Pour les semaines suivant le 15 ao\u00fbt<\/strong>,<\/span> le programme sera donn\u00e9 plus tard.<\/p>\n<p>&nbsp;<\/p>\n<p>&nbsp;<\/p>\n<p style=\"text-align: center;\"><span style=\"font-size: 20px; font-family: comic sans ms,sans-serif;\"><strong><em>Les cours habituels sont maintenus durant les vacances.<\/em><\/strong><\/span><\/p>\n<p style=\"text-align: center;\">\u00a0<\/p>\n<p style=\"text-align: center;\">\u00a0<\/p>\n<p style=\"text-align: center;\">\u00a0<\/p>\n<p style=\"text-align: center;\"><strong><span style=\"font-family: comic sans ms,sans-serif; font-size: 36px; color: #008000;\">POON&rsquo;S-CLUB<\/span><\/strong><\/p>\n<p style=\"text-align: center;\">(Enfants de 2 \u00e0 9 ans)<\/p>\n<p>&nbsp;<\/p>\n<p style=\"text-align: center;\"><span style=\"font-size: 20px;\"><strong><em><span style=\"font-family: comic sans ms,sans-serif;\">Les cours habituels sont maintenus.<\/span><\/em><\/strong><\/span><\/p>\n<p style=\"text-align: center;\">\u00a0<\/p>\n<p style=\"text-align: center;\"><span style=\"font-size: 20px;\"><strong>D\u00e9couverte + poney bronze \u00e0 or :\u00a0<\/strong><\/span> lundi, mardi et vendredi de 14 \u00e0 16 h.<\/p>\n<p style=\"text-align: center;\">Les 4 semaines, du 18 juillet au 13 ao\u00fbt.<\/p>\n<p>&nbsp;<\/p>\n<p style=\"text-align: center;\"><span style=\"font-size: 20px;\"><strong>Promenade-go\u00fbter<\/strong><\/span> organis\u00e9e le jeudi de 16 \u00e0 18h si beau temps (Parent accompagnateur bien chauss\u00e9).<\/p>\n<p style=\"text-align: center;\">\u00a0<\/p>\n<p style=\"text-align: center;\"><img loading=\"lazy\" class=\"aligncenter wp-image-1820 size-full\" src=\"http:\/\/metabief-equitation.fr\/wp-content\/uploads\/2016\/05\/papillons.png\" alt=\"papillons\" width=\"640\" height=\"360\" srcset=\"http:\/\/metabief-equitation.fr\/wp-content\/uploads\/2016\/05\/papillons.png 640w, http:\/\/metabief-equitation.fr\/wp-content\/uploads\/2016\/05\/papillons-300x169.png 300w\" sizes=\"(max-width: 640px) 100vw, 640px\" \/><\/p>\n<p style=\"text-align: center;\">\u00a0<\/p>\n<p style=\"text-align: center;\"><strong><span style=\"font-family: comic sans ms,sans-serif; font-size: 32px;\">Inscrivez-vous aupr\u00e8s d&rsquo;Amandine ou Christine.<\/span><\/strong><\/p>\n<p style=\"text-align: center;\">\u00a0<\/p>\n<p style=\"text-align: center;\">Pour t\u00e9l\u00e9charger le <a href=\"http:\/\/metabief-equitation.fr\/wp-content\/uploads\/2016\/05\/programme-\u00e9t\u00e9.pdf\" target=\"_blank\">programme \u00e9t\u00e9<\/a><\/p>\n<p style=\"text-align: center;\">\u00a0<\/p>\n<p style=\"text-align: center;\">\u00a0<\/p>\n","protected":false},"excerpt":{"rendered":"<p>CHEVAL-CLUB &nbsp; 12 juin : Rando \u00e0 la journ\u00e9e. \u00a0 26 juin : CSO 5\u00e8me \u00e0 Besan\u00e7on<\/p>\n","protected":false},"author":1,"featured_media":1804,"comment_status":"open","ping_status":"closed","sticky":false,"template":"","format":"standard","meta":[],"categories":[15,17,7,23,6,11,5],"tags":[],"yoast_head":"<!-- This site is optimized with the Yoast SEO plugin v16.8 - https:\/\/yoast.com\/wordpress\/plugins\/seo\/ -->\n<title>Programme \u00e9t\u00e9 2016 (Provisoire) - M\u00e9tabief Equitation<\/title>\n<meta name=\"robots\" content=\"index, follow, max-snippet:-1, max-image-preview:large, max-video-preview:-1\" \/>\n<link rel=\"canonical\" href=\"http:\/\/metabief-equitation.fr\/?p=1801\" \/>\n<meta property=\"og:locale\" content=\"fr_FR\" \/>\n<meta property=\"og:type\" content=\"article\" \/>\n<meta property=\"og:title\" content=\"Programme \u00e9t\u00e9 2016 (Provisoire) - M\u00e9tabief Equitation\" \/>\n<meta property=\"og:description\" content=\"CHEVAL-CLUB &nbsp; 12 juin : Rando \u00e0 la journ\u00e9e. \u00a0 26 juin : CSO 5\u00e8me \u00e0 Besan\u00e7on\" \/>\n<meta property=\"og:url\" content=\"http:\/\/metabief-equitation.fr\/?p=1801\" \/>\n<meta property=\"og:site_name\" content=\"M\u00e9tabief Equitation\" \/>\n<meta property=\"article:published_time\" content=\"2016-05-28T14:00:20+00:00\" \/>\n<meta property=\"article:modified_time\" content=\"2016-05-28T14:07:17+00:00\" \/>\n<meta property=\"og:image\" content=\"http:\/\/metabief-equitation.fr\/wp-content\/uploads\/2016\/05\/soleil.png\" \/>\n\t<meta property=\"og:image:width\" content=\"250\" \/>\n\t<meta property=\"og:image:height\" content=\"224\" \/>\n<meta name=\"twitter:card\" content=\"summary\" \/>\n<meta name=\"twitter:label1\" content=\"\u00c9crit par\" \/>\n\t<meta name=\"twitter:data1\" content=\"admin\" \/>\n\t<meta name=\"twitter:label2\" content=\"Dur\u00e9e de lecture est.\" \/>\n\t<meta name=\"twitter:data2\" content=\"1 minute\" \/>\n<script type=\"application\/ld+json\" class=\"yoast-schema-graph\">{\"@context\":\"https:\/\/schema.org\",\"@graph\":[{\"@type\":\"WebSite\",\"@id\":\"https:\/\/metabief-equitation.fr\/#website\",\"url\":\"https:\/\/metabief-equitation.fr\/\",\"name\":\"M\\u00e9tabief Equitation\",\"description\":\"Man\\u00e8ge du Mont d&#039;Or\",\"potentialAction\":[{\"@type\":\"SearchAction\",\"target\":{\"@type\":\"EntryPoint\",\"urlTemplate\":\"https:\/\/metabief-equitation.fr\/?s={search_term_string}\"},\"query-input\":\"required name=search_term_string\"}],\"inLanguage\":\"fr-FR\"},{\"@type\":\"ImageObject\",\"@id\":\"http:\/\/metabief-equitation.fr\/?p=1801#primaryimage\",\"inLanguage\":\"fr-FR\",\"url\":\"http:\/\/metabief-equitation.fr\/wp-content\/uploads\/2016\/05\/soleil.png\",\"contentUrl\":\"http:\/\/metabief-equitation.fr\/wp-content\/uploads\/2016\/05\/soleil.png\",\"width\":250,\"height\":224},{\"@type\":\"WebPage\",\"@id\":\"http:\/\/metabief-equitation.fr\/?p=1801#webpage\",\"url\":\"http:\/\/metabief-equitation.fr\/?p=1801\",\"name\":\"Programme \\u00e9t\\u00e9 2016 (Provisoire) - M\\u00e9tabief Equitation\",\"isPartOf\":{\"@id\":\"https:\/\/metabief-equitation.fr\/#website\"},\"primaryImageOfPage\":{\"@id\":\"http:\/\/metabief-equitation.fr\/?p=1801#primaryimage\"},\"datePublished\":\"2016-05-28T14:00:20+00:00\",\"dateModified\":\"2016-05-28T14:07:17+00:00\",\"author\":{\"@id\":\"https:\/\/metabief-equitation.fr\/#\/schema\/person\/a339bd06f69a1a201dabf060616796b7\"},\"breadcrumb\":{\"@id\":\"http:\/\/metabief-equitation.fr\/?p=1801#breadcrumb\"},\"inLanguage\":\"fr-FR\",\"potentialAction\":[{\"@type\":\"ReadAction\",\"target\":[\"http:\/\/metabief-equitation.fr\/?p=1801\"]}]},{\"@type\":\"BreadcrumbList\",\"@id\":\"http:\/\/metabief-equitation.fr\/?p=1801#breadcrumb\",\"itemListElement\":[{\"@type\":\"ListItem\",\"position\":1,\"name\":\"Programme \\u00e9t\\u00e9 2016 (Provisoire)\"}]},{\"@type\":\"Person\",\"@id\":\"https:\/\/metabief-equitation.fr\/#\/schema\/person\/a339bd06f69a1a201dabf060616796b7\",\"name\":\"admin\",\"image\":{\"@type\":\"ImageObject\",\"@id\":\"https:\/\/metabief-equitation.fr\/#personlogo\",\"inLanguage\":\"fr-FR\",\"url\":\"http:\/\/2.gravatar.com\/avatar\/296e62e4d04bdd32a0fd531803613c2f?s=96&d=mm&r=g\",\"contentUrl\":\"http:\/\/2.gravatar.com\/avatar\/296e62e4d04bdd32a0fd531803613c2f?s=96&d=mm&r=g\",\"caption\":\"admin\"},\"url\":\"http:\/\/metabief-equitation.fr\/?author=1\"}]}<\/script>\n<!-- \/ Yoast SEO plugin. -->","yoast_head_json":{"title":"Programme \u00e9t\u00e9 2016 (Provisoire) - M\u00e9tabief Equitation","robots":{"index":"index","follow":"follow","max-snippet":"max-snippet:-1","max-image-preview":"max-image-preview:large","max-video-preview":"max-video-preview:-1"},"canonical":"http:\/\/metabief-equitation.fr\/?p=1801","og_locale":"fr_FR","og_type":"article","og_title":"Programme \u00e9t\u00e9 2016 (Provisoire) - M\u00e9tabief Equitation","og_description":"CHEVAL-CLUB &nbsp; 12 juin : Rando \u00e0 la journ\u00e9e. \u00a0 26 juin : CSO 5\u00e8me \u00e0 Besan\u00e7on","og_url":"http:\/\/metabief-equitation.fr\/?p=1801","og_site_name":"M\u00e9tabief Equitation","article_published_time":"2016-05-28T14:00:20+00:00","article_modified_time":"2016-05-28T14:07:17+00:00","og_image":[{"width":250,"height":224,"url":"http:\/\/metabief-equitation.fr\/wp-content\/uploads\/2016\/05\/soleil.png","path":"\/home\/metabief\/www\/wp-content\/uploads\/2016\/05\/soleil.png","size":"full","id":1804,"alt":"","pixels":56000,"type":"image\/png"}],"twitter_card":"summary","twitter_misc":{"\u00c9crit par":"admin","Dur\u00e9e de lecture est.":"1 minute"},"schema":{"@context":"https:\/\/schema.org","@graph":[{"@type":"WebSite","@id":"https:\/\/metabief-equitation.fr\/#website","url":"https:\/\/metabief-equitation.fr\/","name":"M\u00e9tabief Equitation","description":"Man\u00e8ge du Mont d&#039;Or","potentialAction":[{"@type":"SearchAction","target":{"@type":"EntryPoint","urlTemplate":"https:\/\/metabief-equitation.fr\/?s={search_term_string}"},"query-input":"required name=search_term_string"}],"inLanguage":"fr-FR"},{"@type":"ImageObject","@id":"http:\/\/metabief-equitation.fr\/?p=1801#primaryimage","inLanguage":"fr-FR","url":"http:\/\/metabief-equitation.fr\/wp-content\/uploads\/2016\/05\/soleil.png","contentUrl":"http:\/\/metabief-equitation.fr\/wp-content\/uploads\/2016\/05\/soleil.png","width":250,"height":224},{"@type":"WebPage","@id":"http:\/\/metabief-equitation.fr\/?p=1801#webpage","url":"http:\/\/metabief-equitation.fr\/?p=1801","name":"Programme \u00e9t\u00e9 2016 (Provisoire) - M\u00e9tabief Equitation","isPartOf":{"@id":"https:\/\/metabief-equitation.fr\/#website"},"primaryImageOfPage":{"@id":"http:\/\/metabief-equitation.fr\/?p=1801#primaryimage"},"datePublished":"2016-05-28T14:00:20+00:00","dateModified":"2016-05-28T14:07:17+00:00","author":{"@id":"https:\/\/metabief-equitation.fr\/#\/schema\/person\/a339bd06f69a1a201dabf060616796b7"},"breadcrumb":{"@id":"http:\/\/metabief-equitation.fr\/?p=1801#breadcrumb"},"inLanguage":"fr-FR","potentialAction":[{"@type":"ReadAction","target":["http:\/\/metabief-equitation.fr\/?p=1801"]}]},{"@type":"BreadcrumbList","@id":"http:\/\/metabief-equitation.fr\/?p=1801#breadcrumb","itemListElement":[{"@type":"ListItem","position":1,"name":"Programme \u00e9t\u00e9 2016 (Provisoire)"}]},{"@type":"Person","@id":"https:\/\/metabief-equitation.fr\/#\/schema\/person\/a339bd06f69a1a201dabf060616796b7","name":"admin","image":{"@type":"ImageObject","@id":"https:\/\/metabief-equitation.fr\/#personlogo","inLanguage":"fr-FR","url":"http:\/\/2.gravatar.com\/avatar\/296e62e4d04bdd32a0fd531803613c2f?s=96&d=mm&r=g","contentUrl":"http:\/\/2.gravatar.com\/avatar\/296e62e4d04bdd32a0fd531803613c2f?s=96&d=mm&r=g","caption":"admin"},"url":"http:\/\/metabief-equitation.fr\/?author=1"}]}},"_links":{"self":[{"href":"http:\/\/metabief-equitation.fr\/index.php?rest_route=\/wp\/v2\/posts\/1801"}],"collection":[{"href":"http:\/\/metabief-equitation.fr\/index.php?rest_route=\/wp\/v2\/posts"}],"about":[{"href":"http:\/\/metabief-equitation.fr\/index.php?rest_route=\/wp\/v2\/types\/post"}],"author":[{"embeddable":true,"href":"http:\/\/metabief-equitation.fr\/index.php?rest_route=\/wp\/v2\/users\/1"}],"replies":[{"embeddable":true,"href":"http:\/\/metabief-equitation.fr\/index.php?rest_route=%2Fwp%2Fv2%2Fcomments&post=1801"}],"version-history":[{"count":0,"href":"http:\/\/metabief-equitation.fr\/index.php?rest_route=\/wp\/v2\/posts\/1801\/revisions"}],"wp:featuredmedia":[{"embeddable":true,"href":"http:\/\/metabief-equitation.fr\/index.php?rest_route=\/wp\/v2\/media\/1804"}],"wp:attachment":[{"href":"http:\/\/metabief-equitation.fr\/index.php?rest_route=%2Fwp%2Fv2%2Fmedia&parent=1801"}],"wp:term":[{"taxonomy":"category","embeddable":true,"href":"http:\/\/metabief-equitation.fr\/index.php?rest_route=%2Fwp%2Fv2%2Fcategories&post=1801"},{"taxonomy":"post_tag","embeddable":true,"href":"http:\/\/metabief-equitation.fr\/index.php?rest_route=%2Fwp%2Fv2%2Ftags&post=1801"}],"curies":[{"name":"wp","href":"https:\/\/api.w.org\/{rel}","templated":true}]}}