{"id":1564,"date":"2015-12-28T19:29:35","date_gmt":"2015-12-28T18:29:35","guid":{"rendered":"http:\/\/metabief-equitation.fr\/?p=1564"},"modified":"2016-02-23T20:26:42","modified_gmt":"2016-02-23T19:26:42","slug":"programme-hiver-2015-2016","status":"publish","type":"post","link":"http:\/\/metabief-equitation.fr\/?p=1564","title":{"rendered":"Programme Hiver 2015 \/ 2016"},"content":{"rendered":"<div class=\"_39k5\">\n<div class=\"_39k5\">\n<h3 class=\"_2cuy _3dgx _2vxa\" style=\"text-align: center;\"><span class=\"_5yi-\">Dimanche 06\/12 : Challenge 1<\/span><strong><span class=\"_5yi-\"><\/p>\n<p><\/span><\/strong><\/h3>\n<h3 class=\"_2cuy _3dgx _2vxa\" style=\"text-align: center;\">Sam 12 d\u00e9cembre \u00e0 12h30 : F\u00eate de No\u00ebl des poneys<\/h3>\n<p>&nbsp;<\/p>\n<p>&nbsp;<\/p>\n<h2 class=\"_2cuy _3dgx _2vxa\"><span class=\"_5yi-\">VACANCES DE NO\u00cbL \u00e0 cheval (en + des cours)<\/p>\n<p><\/span><\/h2>\n<ul style=\"list-style-type: circle;\">\n<li class=\"_2cuy _3dgx _2vxa\">\n<p>Lun 21, mar 22, merc 23 et jeu 24 \/12 de 9h \u00e0 12h :<\/p>\n<p>G4 \u00e0 7<\/p>\n<\/li>\n<li class=\"_2cuy _3dgx _2vxa\">\n<p>Lun 21, mar 22 et jeu 24\/12 de 14h \u00e0 17h :<\/p>\n<p>G1 \u00e0 3<\/p>\n<\/li>\n<li class=\"_2cuy _3dgx _2vxa\">\n<p>Lun 28, mar 29et jeu 31\/12 de 14h \u00e0 17h :<\/p>\n<p>G1 \u00e0 3<\/p>\n<\/li>\n<\/ul>\n<p class=\"_2cuy _3dgx _2vxa\">(les cours des vendredi 25\/12 et 1\/01 sont annul\u00e9s. Voir avec Amandine si vous voulez les rattraper un autre jour.)<\/p>\n<\/div>\n<p class=\"_2cuy _3dgx _2vxa\">\u00a0<\/p>\n<p class=\"_2cuy _3dgx _2vxa\">\u00a0<\/p>\n<div class=\"_39k5\">\n<h2 class=\"_2cuy _3dgx _2vxa\"><span class=\"_5yi-\">VACANCES DE NO\u00cbL \u00e0 poney<\/p>\n<p><\/span><\/h2>\n<p class=\"_2cuy _3dgx _2vxa\">Ski jo\u00ebring, balades\u2026 selon conditions m\u00e9t\u00e9o et sur demande<\/p>\n<p class=\"_2cuy _3dgx _2vxa\">(les cours sont bien s\u00fbr maintenus)<\/p>\n<p class=\"_2cuy _3dgx _2vxa\">\u00a0<\/p>\n<p class=\"_2cuy _3dgx _2vxa\">\u00a0<\/p>\n<h3 class=\"_2cuy _3dgx _2vxa\" style=\"text-align: center;\"><span class=\"_5yi-\">Dimanche<\/span> <span class=\"_5yi-\">3 \/01 : <\/span> <span class=\"_5yi-\">Stage HUNTER et CSO avec Hubert LAIBE<\/p>\n<p><\/span><\/h3>\n<h3 class=\"_2cuy _3dgx _2vxa\" style=\"text-align: center;\"><span class=\"_5yi-\">Dimanche 24 \/01 : Challenge 2<\/p>\n<p><\/span><\/h3>\n<h3 class=\"_2cuy _3dgx _2vxa\" style=\"text-align: center;\"><span class=\"_5yi-\">Jeudi 18 et jeudi 25 f\u00e9vrier : F\u00eates d\u2019hiver<\/span><\/h3>\n<\/div>\n<p>&nbsp;<\/p>\n<\/div>\n<p>&nbsp;<\/p>\n","protected":false},"excerpt":{"rendered":"<p>Dimanche 06\/12 : Challenge 1 Sam 12 d\u00e9cembre \u00e0 12h30 : F\u00eate de No\u00ebl des poneys &nbsp; &nbsp; VACANCES DE NO\u00cbL \u00e0 cheval (en + des cours) Lun 21, mar 22, merc 23 et jeu 24 \/12 de 9h \u00e0 12h : G4 \u00e0 7 Lun 21, mar 22 et jeu 24\/12 de 14h \u00e0&#8230; <\/p>\n","protected":false},"author":1,"featured_media":1569,"comment_status":"open","ping_status":"closed","sticky":false,"template":"","format":"standard","meta":[],"categories":[15,17,12,23,5],"tags":[],"yoast_head":"<!-- This site is optimized with the Yoast SEO plugin v16.8 - https:\/\/yoast.com\/wordpress\/plugins\/seo\/ -->\n<title>Programme Hiver 2015 \/ 2016 - M\u00e9tabief Equitation<\/title>\n<meta name=\"robots\" content=\"index, follow, max-snippet:-1, max-image-preview:large, max-video-preview:-1\" \/>\n<link rel=\"canonical\" href=\"http:\/\/metabief-equitation.fr\/?p=1564\" \/>\n<meta property=\"og:locale\" content=\"fr_FR\" \/>\n<meta property=\"og:type\" content=\"article\" \/>\n<meta property=\"og:title\" content=\"Programme Hiver 2015 \/ 2016 - M\u00e9tabief Equitation\" \/>\n<meta property=\"og:description\" content=\"Dimanche 06\/12 : Challenge 1 Sam 12 d\u00e9cembre \u00e0 12h30 : F\u00eate de No\u00ebl des poneys &nbsp; &nbsp; VACANCES DE NO\u00cbL \u00e0 cheval (en + des cours) Lun 21, mar 22, merc 23 et jeu 24 \/12 de 9h \u00e0 12h : G4 \u00e0 7 Lun 21, mar 22 et jeu 24\/12 de 14h \u00e0...\" \/>\n<meta property=\"og:url\" content=\"http:\/\/metabief-equitation.fr\/?p=1564\" \/>\n<meta property=\"og:site_name\" content=\"M\u00e9tabief Equitation\" \/>\n<meta property=\"article:published_time\" content=\"2015-12-28T18:29:35+00:00\" \/>\n<meta property=\"article:modified_time\" content=\"2016-02-23T19:26:42+00:00\" \/>\n<meta property=\"og:image\" content=\"http:\/\/metabief-equitation.fr\/wp-content\/uploads\/2015\/12\/12391834_471112099740778_3361820162205156635_n-1.jpg\" \/>\n\t<meta property=\"og:image:width\" content=\"400\" \/>\n\t<meta property=\"og:image:height\" content=\"297\" \/>\n<meta name=\"twitter:card\" content=\"summary\" \/>\n<meta name=\"twitter:label1\" content=\"\u00c9crit par\" \/>\n\t<meta name=\"twitter:data1\" content=\"admin\" \/>\n\t<meta name=\"twitter:label2\" content=\"Dur\u00e9e de lecture est.\" \/>\n\t<meta name=\"twitter:data2\" content=\"1 minute\" \/>\n<script type=\"application\/ld+json\" class=\"yoast-schema-graph\">{\"@context\":\"https:\/\/schema.org\",\"@graph\":[{\"@type\":\"WebSite\",\"@id\":\"https:\/\/metabief-equitation.fr\/#website\",\"url\":\"https:\/\/metabief-equitation.fr\/\",\"name\":\"M\\u00e9tabief Equitation\",\"description\":\"Man\\u00e8ge du Mont d&#039;Or\",\"potentialAction\":[{\"@type\":\"SearchAction\",\"target\":{\"@type\":\"EntryPoint\",\"urlTemplate\":\"https:\/\/metabief-equitation.fr\/?s={search_term_string}\"},\"query-input\":\"required name=search_term_string\"}],\"inLanguage\":\"fr-FR\"},{\"@type\":\"ImageObject\",\"@id\":\"http:\/\/metabief-equitation.fr\/?p=1564#primaryimage\",\"inLanguage\":\"fr-FR\",\"url\":\"http:\/\/metabief-equitation.fr\/wp-content\/uploads\/2015\/12\/12391834_471112099740778_3361820162205156635_n-1.jpg\",\"contentUrl\":\"http:\/\/metabief-equitation.fr\/wp-content\/uploads\/2015\/12\/12391834_471112099740778_3361820162205156635_n-1.jpg\",\"width\":400,\"height\":297},{\"@type\":\"WebPage\",\"@id\":\"http:\/\/metabief-equitation.fr\/?p=1564#webpage\",\"url\":\"http:\/\/metabief-equitation.fr\/?p=1564\",\"name\":\"Programme Hiver 2015 \/ 2016 - M\\u00e9tabief Equitation\",\"isPartOf\":{\"@id\":\"https:\/\/metabief-equitation.fr\/#website\"},\"primaryImageOfPage\":{\"@id\":\"http:\/\/metabief-equitation.fr\/?p=1564#primaryimage\"},\"datePublished\":\"2015-12-28T18:29:35+00:00\",\"dateModified\":\"2016-02-23T19:26:42+00:00\",\"author\":{\"@id\":\"https:\/\/metabief-equitation.fr\/#\/schema\/person\/a339bd06f69a1a201dabf060616796b7\"},\"breadcrumb\":{\"@id\":\"http:\/\/metabief-equitation.fr\/?p=1564#breadcrumb\"},\"inLanguage\":\"fr-FR\",\"potentialAction\":[{\"@type\":\"ReadAction\",\"target\":[\"http:\/\/metabief-equitation.fr\/?p=1564\"]}]},{\"@type\":\"BreadcrumbList\",\"@id\":\"http:\/\/metabief-equitation.fr\/?p=1564#breadcrumb\",\"itemListElement\":[{\"@type\":\"ListItem\",\"position\":1,\"name\":\"Programme Hiver 2015 \/ 2016\"}]},{\"@type\":\"Person\",\"@id\":\"https:\/\/metabief-equitation.fr\/#\/schema\/person\/a339bd06f69a1a201dabf060616796b7\",\"name\":\"admin\",\"image\":{\"@type\":\"ImageObject\",\"@id\":\"https:\/\/metabief-equitation.fr\/#personlogo\",\"inLanguage\":\"fr-FR\",\"url\":\"http:\/\/2.gravatar.com\/avatar\/296e62e4d04bdd32a0fd531803613c2f?s=96&d=mm&r=g\",\"contentUrl\":\"http:\/\/2.gravatar.com\/avatar\/296e62e4d04bdd32a0fd531803613c2f?s=96&d=mm&r=g\",\"caption\":\"admin\"},\"url\":\"http:\/\/metabief-equitation.fr\/?author=1\"}]}<\/script>\n<!-- \/ Yoast SEO plugin. -->","yoast_head_json":{"title":"Programme Hiver 2015 \/ 2016 - M\u00e9tabief Equitation","robots":{"index":"index","follow":"follow","max-snippet":"max-snippet:-1","max-image-preview":"max-image-preview:large","max-video-preview":"max-video-preview:-1"},"canonical":"http:\/\/metabief-equitation.fr\/?p=1564","og_locale":"fr_FR","og_type":"article","og_title":"Programme Hiver 2015 \/ 2016 - M\u00e9tabief Equitation","og_description":"Dimanche 06\/12 : Challenge 1 Sam 12 d\u00e9cembre \u00e0 12h30 : F\u00eate de No\u00ebl des poneys &nbsp; &nbsp; VACANCES DE NO\u00cbL \u00e0 cheval (en + des cours) Lun 21, mar 22, merc 23 et jeu 24 \/12 de 9h \u00e0 12h : G4 \u00e0 7 Lun 21, mar 22 et jeu 24\/12 de 14h \u00e0...","og_url":"http:\/\/metabief-equitation.fr\/?p=1564","og_site_name":"M\u00e9tabief Equitation","article_published_time":"2015-12-28T18:29:35+00:00","article_modified_time":"2016-02-23T19:26:42+00:00","og_image":[{"width":400,"height":297,"url":"http:\/\/metabief-equitation.fr\/wp-content\/uploads\/2015\/12\/12391834_471112099740778_3361820162205156635_n-1.jpg","path":"\/home\/metabief\/www\/wp-content\/uploads\/2015\/12\/12391834_471112099740778_3361820162205156635_n-1.jpg","size":"full","id":1569,"alt":"","pixels":118800,"type":"image\/jpeg"}],"twitter_card":"summary","twitter_misc":{"\u00c9crit par":"admin","Dur\u00e9e de lecture est.":"1 minute"},"schema":{"@context":"https:\/\/schema.org","@graph":[{"@type":"WebSite","@id":"https:\/\/metabief-equitation.fr\/#website","url":"https:\/\/metabief-equitation.fr\/","name":"M\u00e9tabief Equitation","description":"Man\u00e8ge du Mont d&#039;Or","potentialAction":[{"@type":"SearchAction","target":{"@type":"EntryPoint","urlTemplate":"https:\/\/metabief-equitation.fr\/?s={search_term_string}"},"query-input":"required name=search_term_string"}],"inLanguage":"fr-FR"},{"@type":"ImageObject","@id":"http:\/\/metabief-equitation.fr\/?p=1564#primaryimage","inLanguage":"fr-FR","url":"http:\/\/metabief-equitation.fr\/wp-content\/uploads\/2015\/12\/12391834_471112099740778_3361820162205156635_n-1.jpg","contentUrl":"http:\/\/metabief-equitation.fr\/wp-content\/uploads\/2015\/12\/12391834_471112099740778_3361820162205156635_n-1.jpg","width":400,"height":297},{"@type":"WebPage","@id":"http:\/\/metabief-equitation.fr\/?p=1564#webpage","url":"http:\/\/metabief-equitation.fr\/?p=1564","name":"Programme Hiver 2015 \/ 2016 - M\u00e9tabief Equitation","isPartOf":{"@id":"https:\/\/metabief-equitation.fr\/#website"},"primaryImageOfPage":{"@id":"http:\/\/metabief-equitation.fr\/?p=1564#primaryimage"},"datePublished":"2015-12-28T18:29:35+00:00","dateModified":"2016-02-23T19:26:42+00:00","author":{"@id":"https:\/\/metabief-equitation.fr\/#\/schema\/person\/a339bd06f69a1a201dabf060616796b7"},"breadcrumb":{"@id":"http:\/\/metabief-equitation.fr\/?p=1564#breadcrumb"},"inLanguage":"fr-FR","potentialAction":[{"@type":"ReadAction","target":["http:\/\/metabief-equitation.fr\/?p=1564"]}]},{"@type":"BreadcrumbList","@id":"http:\/\/metabief-equitation.fr\/?p=1564#breadcrumb","itemListElement":[{"@type":"ListItem","position":1,"name":"Programme Hiver 2015 \/ 2016"}]},{"@type":"Person","@id":"https:\/\/metabief-equitation.fr\/#\/schema\/person\/a339bd06f69a1a201dabf060616796b7","name":"admin","image":{"@type":"ImageObject","@id":"https:\/\/metabief-equitation.fr\/#personlogo","inLanguage":"fr-FR","url":"http:\/\/2.gravatar.com\/avatar\/296e62e4d04bdd32a0fd531803613c2f?s=96&d=mm&r=g","contentUrl":"http:\/\/2.gravatar.com\/avatar\/296e62e4d04bdd32a0fd531803613c2f?s=96&d=mm&r=g","caption":"admin"},"url":"http:\/\/metabief-equitation.fr\/?author=1"}]}},"_links":{"self":[{"href":"http:\/\/metabief-equitation.fr\/index.php?rest_route=\/wp\/v2\/posts\/1564"}],"collection":[{"href":"http:\/\/metabief-equitation.fr\/index.php?rest_route=\/wp\/v2\/posts"}],"about":[{"href":"http:\/\/metabief-equitation.fr\/index.php?rest_route=\/wp\/v2\/types\/post"}],"author":[{"embeddable":true,"href":"http:\/\/metabief-equitation.fr\/index.php?rest_route=\/wp\/v2\/users\/1"}],"replies":[{"embeddable":true,"href":"http:\/\/metabief-equitation.fr\/index.php?rest_route=%2Fwp%2Fv2%2Fcomments&post=1564"}],"version-history":[{"count":0,"href":"http:\/\/metabief-equitation.fr\/index.php?rest_route=\/wp\/v2\/posts\/1564\/revisions"}],"wp:featuredmedia":[{"embeddable":true,"href":"http:\/\/metabief-equitation.fr\/index.php?rest_route=\/wp\/v2\/media\/1569"}],"wp:attachment":[{"href":"http:\/\/metabief-equitation.fr\/index.php?rest_route=%2Fwp%2Fv2%2Fmedia&parent=1564"}],"wp:term":[{"taxonomy":"category","embeddable":true,"href":"http:\/\/metabief-equitation.fr\/index.php?rest_route=%2Fwp%2Fv2%2Fcategories&post=1564"},{"taxonomy":"post_tag","embeddable":true,"href":"http:\/\/metabief-equitation.fr\/index.php?rest_route=%2Fwp%2Fv2%2Ftags&post=1564"}],"curies":[{"name":"wp","href":"https:\/\/api.w.org\/{rel}","templated":true}]}}